{"id":263,"date":"2020-03-06T17:30:40","date_gmt":"2020-03-06T16:30:40","guid":{"rendered":"http:\/\/culinotopia.com\/?p=263"},"modified":"2020-03-06T17:30:40","modified_gmt":"2020-03-06T16:30:40","slug":"gateau-renverse-a-la-banane-et-au-coco","status":"publish","type":"post","link":"https:\/\/culinotopia.com\/index.php\/2020\/03\/06\/gateau-renverse-a-la-banane-et-au-coco\/","title":{"rendered":"G\u00e2teau renvers\u00e9 \u00e0 la banane et au coco"},"content":{"rendered":"\n<h5 class=\"wp-block-heading\">Aujourd&rsquo;hui, mon fils organise pour ses 7 ans une pyjama party avec 4 de ses copains d&rsquo;\u00e9cole. A la question \u00ab\u00a0que veux-tu comme g\u00e2teau?\u00a0\u00bb, il a r\u00e9pondu, un g\u00e2teau \u00e0 la banane. Alors, j&rsquo;ai ressorti de mes placards cette recette not\u00e9e au vol pendant une \u00e9mission culinaire am\u00e9ricaine!<\/h5>\n\n\n<hr \/>\n<p><strong><span style=\"text-decoration: underline;\">Ingr\u00e9dients:<\/span><\/strong><\/p>\n\n\n<pre class=\"wp-block-preformatted\">4 bananes\n\n<span style=\"text-decoration: underline;\">Pour le caramel:<\/span>\n1 cup de sucre blanc\n50g de beurre doux ou demi-sel\n\n<span style=\"text-decoration: underline;\">Pour l'appareil:<\/span>\n1 cup de sirop d'\u00e9rable\n1\/3 cup de cassonade blonde\n1\/2 cup de noix de coco r\u00e2p\u00e9e\n1 cup de lait\n1.5 cup de farine d'\u00e9peautre\n125g de beurre doux ou demi-sel\nquelques gouttes de vanille liquide\n1 oeuf\n<\/pre>\n\n\n<p>Pr\u00e9chauffer le four \u00e0 180\u00b0C.<\/p>\n<p>Pr\u00e9parer le caramel. Faire fondre le sucre blanc sans le toucher jusqu&rsquo;\u00e0 obtenir un caramel dor\u00e9. Arr\u00eater le feu et ajouter le beurre mou en remuant bien. Verser dans un moule \u00e0 manquer de 26cm de diam\u00e8tre et bien r\u00e9partir.<\/p>\n<p>Couper dans le sens de la longueur les bananes et les disposer face coup\u00e9e sur le caramel.<\/p>\n<p>Pr\u00e9parer l&rsquo;appareil. M\u00e9langer le sirop d&rsquo;\u00e9rable, la cassonade blonde, et le beurre mou. Bien amalgamer. Ajouter l&rsquo;oeuf, la vanille et le lait, puis la noix de coco, la levure et la farine.<\/p>\n<p>Verser sur les bananes. Enfourner pour environ 35 minutes. Une lame ins\u00e9r\u00e9e au milieu du g\u00e2teau doit ressortir s\u00e8che ou avec quelques miettes dessus.<\/p>\n<p>Servir ti\u00e8de ou froid!<\/p>\n\n\n<figure class=\"wp-block-gallery columns-3 is-cropped wp-block-gallery-1 is-layout-flex wp-block-gallery-is-layout-flex\"><ul class=\"blocks-gallery-grid\"><li class=\"blocks-gallery-item\"><figure><img loading=\"lazy\" decoding=\"async\" width=\"766\" height=\"1024\" src=\"https:\/\/culinotopia.com\/wp-content\/uploads\/2020\/03\/IMG_20200306_153011-766x1024.jpg\" alt=\"\" data-id=\"265\" data-full-url=\"https:\/\/culinotopia.com\/wp-content\/uploads\/2020\/03\/IMG_20200306_153011-scaled.jpg\" data-link=\"https:\/\/culinotopia.com\/?attachment_id=265\" class=\"wp-image-265\" srcset=\"https:\/\/culinotopia.com\/wp-content\/uploads\/2020\/03\/IMG_20200306_153011-766x1024.jpg 766w, https:\/\/culinotopia.com\/wp-content\/uploads\/2020\/03\/IMG_20200306_153011-224x300.jpg 224w, https:\/\/culinotopia.com\/wp-content\/uploads\/2020\/03\/IMG_20200306_153011-768x1027.jpg 768w, https:\/\/culinotopia.com\/wp-content\/uploads\/2020\/03\/IMG_20200306_153011-1149x1536.jpg 1149w, https:\/\/culinotopia.com\/wp-content\/uploads\/2020\/03\/IMG_20200306_153011-1532x2048.jpg 1532w, https:\/\/culinotopia.com\/wp-content\/uploads\/2020\/03\/IMG_20200306_153011-scaled.jpg 1915w\" sizes=\"auto, (max-width: 706px) 89vw, (max-width: 767px) 82vw, 740px\" \/><\/figure><\/li><li class=\"blocks-gallery-item\"><figure><img loading=\"lazy\" decoding=\"async\" width=\"766\" height=\"1024\" src=\"https:\/\/culinotopia.com\/wp-content\/uploads\/2020\/03\/IMG_20200306_153255-766x1024.jpg\" alt=\"\" data-id=\"266\" data-full-url=\"https:\/\/culinotopia.com\/wp-content\/uploads\/2020\/03\/IMG_20200306_153255-scaled.jpg\" data-link=\"https:\/\/culinotopia.com\/?attachment_id=266\" class=\"wp-image-266\" srcset=\"https:\/\/culinotopia.com\/wp-content\/uploads\/2020\/03\/IMG_20200306_153255-766x1024.jpg 766w, https:\/\/culinotopia.com\/wp-content\/uploads\/2020\/03\/IMG_20200306_153255-224x300.jpg 224w, https:\/\/culinotopia.com\/wp-content\/uploads\/2020\/03\/IMG_20200306_153255-768x1027.jpg 768w, https:\/\/culinotopia.com\/wp-content\/uploads\/2020\/03\/IMG_20200306_153255-1149x1536.jpg 1149w, https:\/\/culinotopia.com\/wp-content\/uploads\/2020\/03\/IMG_20200306_153255-1532x2048.jpg 1532w, https:\/\/culinotopia.com\/wp-content\/uploads\/2020\/03\/IMG_20200306_153255-scaled.jpg 1915w\" sizes=\"auto, (max-width: 706px) 89vw, (max-width: 767px) 82vw, 740px\" \/><\/figure><\/li><li class=\"blocks-gallery-item\"><figure><img loading=\"lazy\" decoding=\"async\" width=\"766\" height=\"1024\" src=\"https:\/\/culinotopia.com\/wp-content\/uploads\/2020\/03\/IMG_20200306_154201-766x1024.jpg\" alt=\"\" data-id=\"267\" data-full-url=\"https:\/\/culinotopia.com\/wp-content\/uploads\/2020\/03\/IMG_20200306_154201-scaled.jpg\" data-link=\"https:\/\/culinotopia.com\/?attachment_id=267\" class=\"wp-image-267\" srcset=\"https:\/\/culinotopia.com\/wp-content\/uploads\/2020\/03\/IMG_20200306_154201-766x1024.jpg 766w, https:\/\/culinotopia.com\/wp-content\/uploads\/2020\/03\/IMG_20200306_154201-224x300.jpg 224w, https:\/\/culinotopia.com\/wp-content\/uploads\/2020\/03\/IMG_20200306_154201-768x1027.jpg 768w, https:\/\/culinotopia.com\/wp-content\/uploads\/2020\/03\/IMG_20200306_154201-1149x1536.jpg 1149w, https:\/\/culinotopia.com\/wp-content\/uploads\/2020\/03\/IMG_20200306_154201-1532x2048.jpg 1532w, https:\/\/culinotopia.com\/wp-content\/uploads\/2020\/03\/IMG_20200306_154201-scaled.jpg 1915w\" sizes=\"auto, (max-width: 706px) 89vw, (max-width: 767px) 82vw, 740px\" \/><\/figure><\/li><\/ul><\/figure>\n\n\n\n<figure class=\"wp-block-image size-large\"><img loading=\"lazy\" decoding=\"async\" width=\"1024\" height=\"766\" src=\"https:\/\/culinotopia.com\/wp-content\/uploads\/2020\/03\/IMG_20200306_163119-1024x766.jpg\" alt=\"\" class=\"wp-image-268\" srcset=\"https:\/\/culinotopia.com\/wp-content\/uploads\/2020\/03\/IMG_20200306_163119-1024x766.jpg 1024w, https:\/\/culinotopia.com\/wp-content\/uploads\/2020\/03\/IMG_20200306_163119-300x224.jpg 300w, https:\/\/culinotopia.com\/wp-content\/uploads\/2020\/03\/IMG_20200306_163119-768x574.jpg 768w, https:\/\/culinotopia.com\/wp-content\/uploads\/2020\/03\/IMG_20200306_163119-1536x1149.jpg 1536w, https:\/\/culinotopia.com\/wp-content\/uploads\/2020\/03\/IMG_20200306_163119-2048x1532.jpg 2048w\" sizes=\"auto, (max-width: 767px) 89vw, (max-width: 1000px) 54vw, (max-width: 1071px) 543px, 580px\" \/><\/figure>\n","protected":false},"excerpt":{"rendered":"<p>Aujourd&rsquo;hui, mon fils organise pour ses 7 ans une pyjama party avec 4 de ses copains d&rsquo;\u00e9cole. A la question \u00ab\u00a0que veux-tu comme g\u00e2teau?\u00a0\u00bb, il a r\u00e9pondu, un g\u00e2teau \u00e0 la banane. Alors, j&rsquo;ai ressorti de mes placards cette recette not\u00e9e au vol pendant une \u00e9mission culinaire am\u00e9ricaine! Ingr\u00e9dients: 4 bananes Pour le caramel: 1 &hellip; <\/p>\n<p class=\"link-more\"><a href=\"https:\/\/culinotopia.com\/index.php\/2020\/03\/06\/gateau-renverse-a-la-banane-et-au-coco\/\" class=\"more-link\">Continuer la lecture<span class=\"screen-reader-text\"> de &laquo;&nbsp;G\u00e2teau renvers\u00e9 \u00e0 la banane et au coco&nbsp;&raquo;<\/span><\/a><\/p>\n","protected":false},"author":1,"featured_media":268,"comment_status":"open","ping_status":"open","sticky":false,"template":"","format":"standard","meta":{"om_disable_all_campaigns":false,"wprm-recipe-roundup-name":"","wprm-recipe-roundup-description":"","_monsterinsights_skip_tracking":false,"_monsterinsights_sitenote_active":false,"_monsterinsights_sitenote_note":"","_monsterinsights_sitenote_category":0,"footnotes":""},"categories":[63,4],"tags":[46,66,65],"class_list":["post-263","post","type-post","status-publish","format-standard","has-post-thumbnail","hentry","category-cakes","category-recettes","tag-banane","tag-caramel","tag-noix-de-coco"],"aioseo_notices":[],"_links":{"self":[{"href":"https:\/\/culinotopia.com\/index.php\/wp-json\/wp\/v2\/posts\/263","targetHints":{"allow":["GET"]}}],"collection":[{"href":"https:\/\/culinotopia.com\/index.php\/wp-json\/wp\/v2\/posts"}],"about":[{"href":"https:\/\/culinotopia.com\/index.php\/wp-json\/wp\/v2\/types\/post"}],"author":[{"embeddable":true,"href":"https:\/\/culinotopia.com\/index.php\/wp-json\/wp\/v2\/users\/1"}],"replies":[{"embeddable":true,"href":"https:\/\/culinotopia.com\/index.php\/wp-json\/wp\/v2\/comments?post=263"}],"version-history":[{"count":4,"href":"https:\/\/culinotopia.com\/index.php\/wp-json\/wp\/v2\/posts\/263\/revisions"}],"predecessor-version":[{"id":271,"href":"https:\/\/culinotopia.com\/index.php\/wp-json\/wp\/v2\/posts\/263\/revisions\/271"}],"wp:featuredmedia":[{"embeddable":true,"href":"https:\/\/culinotopia.com\/index.php\/wp-json\/wp\/v2\/media\/268"}],"wp:attachment":[{"href":"https:\/\/culinotopia.com\/index.php\/wp-json\/wp\/v2\/media?parent=263"}],"wp:term":[{"taxonomy":"category","embeddable":true,"href":"https:\/\/culinotopia.com\/index.php\/wp-json\/wp\/v2\/categories?post=263"},{"taxonomy":"post_tag","embeddable":true,"href":"https:\/\/culinotopia.com\/index.php\/wp-json\/wp\/v2\/tags?post=263"}],"curies":[{"name":"wp","href":"https:\/\/api.w.org\/{rel}","templated":true}]}}